{"id":598,"date":"2025-08-13T11:15:06","date_gmt":"2025-08-13T14:15:06","guid":{"rendered":"https:\/\/techstrategist.com.br\/wps\/?p=598"},"modified":"2026-01-09T10:17:09","modified_gmt":"2026-01-09T13:17:09","slug":"estilos-de-lideranca-de-kurt-lewin-autoridade-participacao-e-liberdade-em-perspectiva","status":"publish","type":"post","link":"https:\/\/techstrategist.com.br\/wps\/2025\/08\/13\/estilos-de-lideranca-de-kurt-lewin-autoridade-participacao-e-liberdade-em-perspectiva\/","title":{"rendered":"Estilos de Lideran\u00e7a de Kurt Lewin: Autoridade, Participa\u00e7\u00e3o e Liberdade em Perspectiva"},"content":{"rendered":"\n<h2 class=\"wp-block-heading\">Introdu\u00e7\u00e3o e Contextualiza\u00e7\u00e3o<\/h2>\n\n\n\n<p>Muito antes de conceitos modernos como lideran\u00e7a emocional ou gest\u00e3o \u00e1gil ganharem destaque, Kurt Lewin j\u00e1 havia lan\u00e7ado uma das primeiras classifica\u00e7\u00f5es sistem\u00e1ticas de estilos de lideran\u00e7a. Sua proposta, desenvolvida nos anos 1930, \u00e9 simples e direta: os l\u00edderes tendem a atuar de forma <strong>autocr\u00e1tica, democr\u00e1tica ou laissez-faire<\/strong>. Apesar de parecer reducionista diante da complexidade atual, o modelo de Lewin ainda serve como refer\u00eancia fundamental para discutir autoridade, participa\u00e7\u00e3o e autonomia nas organiza\u00e7\u00f5es.<\/p>\n\n\n\n<p>Este artigo \u00e9 voltado a executivos e gestores que desejam revisitar a raiz te\u00f3rica da <a href=\"https:\/\/techstrategist.com.br\/wps\/2025\/05\/07\/os-desafios-de-lideranca-do-cto-executivo-moderno\/\">lideran\u00e7a <\/a>organizacional. A an\u00e1lise ser\u00e1 cr\u00edtica: vamos observar os tr\u00eas estilos, seus impactos no clima e nos resultados, seus limites evidentes e a relev\u00e2ncia que ainda possuem no ambiente de neg\u00f3cios contempor\u00e2neo.<\/p>\n\n\n\n<h2 class=\"wp-block-heading\">Componentes Centrais e Estrutura<\/h2>\n\n\n\n<p>O modelo de Lewin parte da premissa de que o estilo de lideran\u00e7a molda diretamente o comportamento do grupo. Os tr\u00eas estilos descritos s\u00e3o:<\/p>\n\n\n\n<ul class=\"wp-block-list\">\n<li><strong>Autocr\u00e1tico<\/strong>: o l\u00edder centraliza decis\u00f5es, define regras e controla a execu\u00e7\u00e3o. O foco est\u00e1 na efici\u00eancia imediata e no cumprimento r\u00edgido de tarefas.<\/li>\n\n\n\n<li><strong>Democr\u00e1tico<\/strong>: o l\u00edder envolve o grupo nas decis\u00f5es, estimula participa\u00e7\u00e3o e compartilha responsabilidades. O foco \u00e9 criar comprometimento e engajamento coletivo.<\/li>\n\n\n\n<li><strong>Laissez-faire<\/strong>: o l\u00edder oferece liberdade quase total, atuando como facilitador ou observador, com m\u00ednima interfer\u00eancia. O foco est\u00e1 na autonomia e na autogest\u00e3o.<\/li>\n<\/ul>\n\n\n\n<p>Esses estilos representam polos de atua\u00e7\u00e3o, e n\u00e3o caixas fechadas. A contribui\u00e7\u00e3o de Lewin est\u00e1 em mostrar como diferentes formas de condu\u00e7\u00e3o afetam n\u00e3o apenas os resultados, mas tamb\u00e9m a coes\u00e3o e a motiva\u00e7\u00e3o do grupo.<\/p>\n\n\n\n<h2 class=\"wp-block-heading\">Aplica\u00e7\u00e3o em Contextos Empresariais<\/h2>\n\n\n\n<p>Na pr\u00e1tica corporativa, os estilos de Lewin aparecem de formas distintas:<\/p>\n\n\n\n<ul class=\"wp-block-list\">\n<li>O <strong>autocr\u00e1tico<\/strong> \u00e9 comum em setores regulados, militares ou em situa\u00e7\u00f5es de crise, quando o tempo curto n\u00e3o permite debates. Funciona bem em ambientes onde disciplina e padroniza\u00e7\u00e3o s\u00e3o cr\u00edticos, mas tende a gerar desmotiva\u00e7\u00e3o a longo prazo.<\/li>\n\n\n\n<li>O <strong>democr\u00e1tico<\/strong> \u00e9 \u00fatil em empresas que valorizam inova\u00e7\u00e3o e colabora\u00e7\u00e3o, pois amplia a diversidade de ideias e aumenta a ades\u00e3o \u00e0s decis\u00f5es. Contudo, pode ser mais lento e menos eficaz em situa\u00e7\u00f5es de urg\u00eancia.<\/li>\n\n\n\n<li>O <strong>laissez-faire<\/strong> encontra espa\u00e7o em equipes altamente qualificadas e aut\u00f4nomas, como grupos de pesquisa e desenvolvimento. Por\u00e9m, em equipes pouco maduras, pode se traduzir em desorganiza\u00e7\u00e3o e falta de responsabilidade.<\/li>\n<\/ul>\n\n\n\n<p>O desafio executivo n\u00e3o \u00e9 escolher \u201co melhor estilo\u201d, mas compreender em que situa\u00e7\u00f5es cada um pode ser \u00fatil ou contraproducente.<\/p>\n\n\n\n<h2 class=\"wp-block-heading\">Boas Pr\u00e1ticas e Otimiza\u00e7\u00e3o<\/h2>\n\n\n\n<p>Executivos podem extrair valor do modelo de Lewin ao aplicar algumas orienta\u00e7\u00f5es:<\/p>\n\n\n\n<ul class=\"wp-block-list\">\n<li><strong>Analisar o contexto<\/strong>: antes de adotar um estilo predominante, avaliar urg\u00eancia, n\u00edvel de maturidade da equipe e natureza da tarefa.<\/li>\n\n\n\n<li><strong>Evitar extremos<\/strong>: mesmo em estilos centralizadores ou libert\u00e1rios, manter algum equil\u00edbrio garante que o grupo n\u00e3o perca dire\u00e7\u00e3o ou motiva\u00e7\u00e3o.<\/li>\n\n\n\n<li><strong>Usar o democr\u00e1tico como padr\u00e3o<\/strong>: pesquisas mostram que, em longo prazo, equipes respondem melhor a estilos participativos.<\/li>\n\n\n\n<li><strong>Preparar equipes para autonomia<\/strong>: o laissez-faire s\u00f3 funciona em times maduros; l\u00edderes devem investir no desenvolvimento antes de adotar esse estilo.<\/li>\n\n\n\n<li><strong>Reservar o autocr\u00e1tico para crises<\/strong>: decis\u00f5es r\u00e1pidas exigem autoridade, mas devem ser exce\u00e7\u00e3o, n\u00e3o regra.<\/li>\n<\/ul>\n\n\n\n<p>Essas pr\u00e1ticas permitem usar o modelo de forma consciente, em vez de trat\u00e1-lo como uma tipologia ultrapassada.<\/p>\n\n\n\n<h2 class=\"wp-block-heading\">Controv\u00e9rsias e Cr\u00edticas<\/h2>\n\n\n\n<p>O modelo de Lewin \u00e9 frequentemente criticado por ser simplista demais. Reduzir a lideran\u00e7a a tr\u00eas estilos ignora nuances culturais, setoriais e pessoais que influenciam o comportamento de l\u00edderes e equipes. Al\u00e9m disso, cr\u00edticos afirmam que os estilos n\u00e3o s\u00e3o mutuamente exclusivos: l\u00edderes reais costumam misturar elementos de todos.<\/p>\n\n\n\n<p>Outra cr\u00edtica \u00e9 a base experimental limitada: os estudos originais foram conduzidos em grupos pequenos, fora do ambiente corporativo moderno. Ainda assim, a clareza conceitual do modelo garante sua sobreviv\u00eancia como refer\u00eancia pedag\u00f3gica e como base para teorias mais sofisticadas.<\/p>\n\n\n\n<h2 class=\"wp-block-heading\">Conclus\u00e3o e Chamada para A\u00e7\u00e3o<\/h2>\n\n\n\n<p>O modelo de Kurt Lewin permanece relevante porque oferece uma lente simples para refletir sobre o impacto da lideran\u00e7a no grupo. A mensagem central para executivos \u00e9 clara: <strong>o estilo importa, mas o contexto define sua efic\u00e1cia<\/strong>. Nenhum estilo \u00e9 universalmente bom ou ruim; todos podem ser \u00fateis em determinadas circunst\u00e2ncias.<\/p>\n\n\n\n<p>O pr\u00f3ximo passo \u00e9 revisar a pr\u00e1tica pessoal de lideran\u00e7a: em quais situa\u00e7\u00f5es voc\u00ea tende a ser autocr\u00e1tico, democr\u00e1tico ou laissez-faire? E mais importante: essas escolhas est\u00e3o alinhadas ao que sua equipe e sua estrat\u00e9gia realmente precisam? Liderar exige consci\u00eancia do impacto, n\u00e3o apenas prefer\u00eancia pessoal.<\/p>\n\n\n\n<h2 class=\"wp-block-heading\">Hist\u00f3rico e Fundamentos Te\u00f3ricos<\/h2>\n\n\n\n<p>Kurt Lewin, psic\u00f3logo social germano-americano, desenvolveu o modelo nos anos 1930 a partir de experimentos em grupos de trabalho. Seu interesse estava em compreender como diferentes formas de lideran\u00e7a moldavam clima e comportamento coletivo.<\/p>\n\n\n\n<p>Lewin \u00e9 tamb\u00e9m considerado o pai da psicologia social moderna, respons\u00e1vel por introduzir conceitos como din\u00e2mica de grupo e campo psicol\u00f3gico. O modelo dos estilos de lideran\u00e7a foi um dos primeiros a associar diretamente lideran\u00e7a e resultados, abrindo caminho para teorias posteriores, como a lideran\u00e7a situacional e a transformacional.<\/p>\n","protected":false},"excerpt":{"rendered":"<p>Introdu\u00e7\u00e3o e Contextualiza\u00e7\u00e3o Muito antes de conceitos modernos como lideran\u00e7a emocional ou gest\u00e3o \u00e1gil ganharem destaque, Kurt Lewin j\u00e1 havia lan\u00e7ado uma das primeiras classifica\u00e7\u00f5es sistem\u00e1ticas de estilos de lideran\u00e7a. Sua proposta, desenvolvida nos anos 1930, \u00e9 simples e direta: os l\u00edderes tendem a atuar de forma autocr\u00e1tica, democr\u00e1tica ou laissez-faire. Apesar de parecer reducionista [&hellip;]<\/p>\n","protected":false},"author":2,"featured_media":599,"comment_status":"open","ping_status":"open","sticky":false,"template":"","format":"standard","meta":{"footnotes":""},"categories":[370,411,13,410,295,4,12,628,401],"tags":[409,282,407,14,408,9],"class_list":["post-598","post","type-post","status-publish","format-standard","has-post-thumbnail","hentry","category-cultura","category-eficiencia-operacional","category-estrategia-empresarial","category-gestao-de-pessoas-e-talentos","category-gestao-de-processos","category-inovacao","category-lideranca","category-seo_","category-transformacao-empresarial","tag-autonomia","tag-autoridade","tag-clima-organizacional","tag-estrategia","tag-kurt-lewin","tag-lideranca"],"_links":{"self":[{"href":"https:\/\/techstrategist.com.br\/wps\/wp-json\/wp\/v2\/posts\/598","targetHints":{"allow":["GET"]}}],"collection":[{"href":"https:\/\/techstrategist.com.br\/wps\/wp-json\/wp\/v2\/posts"}],"about":[{"href":"https:\/\/techstrategist.com.br\/wps\/wp-json\/wp\/v2\/types\/post"}],"author":[{"embeddable":true,"href":"https:\/\/techstrategist.com.br\/wps\/wp-json\/wp\/v2\/users\/2"}],"replies":[{"embeddable":true,"href":"https:\/\/techstrategist.com.br\/wps\/wp-json\/wp\/v2\/comments?post=598"}],"version-history":[{"count":2,"href":"https:\/\/techstrategist.com.br\/wps\/wp-json\/wp\/v2\/posts\/598\/revisions"}],"predecessor-version":[{"id":602,"href":"https:\/\/techstrategist.com.br\/wps\/wp-json\/wp\/v2\/posts\/598\/revisions\/602"}],"wp:featuredmedia":[{"embeddable":true,"href":"https:\/\/techstrategist.com.br\/wps\/wp-json\/wp\/v2\/media\/599"}],"wp:attachment":[{"href":"https:\/\/techstrategist.com.br\/wps\/wp-json\/wp\/v2\/media?parent=598"}],"wp:term":[{"taxonomy":"category","embeddable":true,"href":"https:\/\/techstrategist.com.br\/wps\/wp-json\/wp\/v2\/categories?post=598"},{"taxonomy":"post_tag","embeddable":true,"href":"https:\/\/techstrategist.com.br\/wps\/wp-json\/wp\/v2\/tags?post=598"}],"curies":[{"name":"wp","href":"https:\/\/api.w.org\/{rel}","templated":true}]}}